{"id":18690,"date":"2025-05-28T08:52:32","date_gmt":"2025-05-28T06:52:32","guid":{"rendered":"https:\/\/visitsandonatovaldicomino.it\/?p=18690"},"modified":"2025-06-01T08:57:22","modified_gmt":"2025-06-01T06:57:22","slug":"le-rocher-des-allemands-quand-lhistoire-marque-la-montagne-de-son-empreinte","status":"publish","type":"post","link":"https:\/\/visitsandonatovaldicomino.it\/fr\/histoires\/le-rocher-des-allemands-quand-lhistoire-marque-la-montagne-de-son-empreinte\/","title":{"rendered":"Le rocher des Allemands : Quand l'histoire marque la montagne de son empreinte"},"content":{"rendered":"\t\t<div data-elementor-type=\"wp-post\" data-elementor-id=\"18690\" class=\"elementor elementor-18690\" data-elementor-post-type=\"post\">\n\t\t\t\t<div class=\"elementor-element elementor-element-58d5300 e-flex e-con-boxed e-con e-parent\" data-id=\"58d5300\" data-element_type=\"container\" data-e-type=\"container\">\n\t\t\t\t\t<div class=\"e-con-inner\">\n\t\t<div class=\"elementor-element elementor-element-30c4eb1 e-con-full e-flex e-con e-child\" data-id=\"30c4eb1\" data-element_type=\"container\" data-e-type=\"container\">\n\t\t\t\t<div class=\"elementor-element elementor-element-dcd6376 elementor-widget elementor-widget-text-editor\" data-id=\"dcd6376\" data-element_type=\"widget\" data-e-type=\"widget\" data-widget_type=\"text-editor.default\">\n\t\t\t\t<div class=\"elementor-widget-container\">\n\t\t\t\t\t\t\t\t\t<p>San Donato Val di Comino non \u00e8 solo borghi incantati e natura rigogliosa; \u00e8 anche un luogo dove ogni pietra, ogni anfratto montano, custodisce frammenti di una storia che non vuole essere dimenticata. Oggi vi portiamo a scoprire una delle pagine pi\u00f9 intense e toccanti del nostro passato, legata a un luogo dal nome evocativo: la Roccia dei Tedeschi.<\/p><p>Durante gli anni bui della Seconda Guerra Mondiale, le nostre montagne furono teatro di eventi che segnarono profondamente il territorio e la sua gente. Ed \u00e8 proprio su quella che oggi chiamiamo la strada per Forca d\u2019Acero, un percorso panoramico che si snoda tra Monte Pizzuto e la celebre Roccia dei Tedeschi, che si verific\u00f2 un episodio destinato a rimanere impresso nella memoria collettiva.<\/p><p>Qui, in un punto spoglio e scosceso della vallata, disseminato di pietre, una camionetta del 305\u00b0 reggimento di fanteria tedesca si ribalt\u00f2 rovinosamente, precipitando nel burrone. Un incidente tragico che cost\u00f2 la vita a due soldati. Le circostanze furono oggetto di congetture: si parl\u00f2 di un attentato, ma la verit\u00e0 rimase celata tra le pieghe della guerra, senza mai trovare riscontro ufficiale.<\/p><p>Ci\u00f2 che rende questa storia particolarmente significativa \u00e8 il suo epilogo, un esempio commovente di resilienza e ingegno tipicamente sandonatese. A guerra conclusa, con il paese che emergeva a fatica da un periodo di devastazione, e in un contesto di scarsit\u00e0 economica dove l&#8217;acquisto di nuovi mezzi di trasporto era un lusso inimmaginabile, la comunit\u00e0 di San Donato si rimbocc\u00f2 le maniche. Gli abitanti del paese, con una tenacia e una capacit\u00e0 di arrangiarsi ammirevoli, recuperarono i resti di quella camionetta precipitata. Pezzo dopo pezzo, con dedizione e maestria, riuscirono a rimontarla in paese, dandole una seconda vita.<\/p><p>Quel veicolo, simbolo di un conflitto appena concluso, divenne cos\u00ec una risorsa preziosa per l&#8217;Amministrazione comunale e per l&#8217;intera comunit\u00e0. Per un tempo considerevole, fu l&#8217;unico mezzo a disposizione per gli spostamenti essenziali all&#8217;interno della Valle di Comino o per raggiungere i centri pi\u00f9 importanti della Provincia. Un veicolo che, da strumento di guerra, si trasform\u00f2 in un simbolo di rinascita e di adattamento.<\/p><p>Questa \u00e8 una delle tante testimonianze raccolte con cura da Luca Leone, attraverso i ricordi vividi dei pi\u00f9 anziani del paese, e condivisa con passione da Anna Capoccia, con l&#8217;intento prezioso di non lasciare che il tempo cancelli la memoria. Visitare la Roccia dei Tedeschi oggi non \u00e8 solo ammirare un panorama, ma anche riflettere su queste storie, comprendere la forza d&#8217;animo di chi ha vissuto quei momenti e apprezzare il valore della memoria storica.<\/p>\t\t\t\t\t\t\t\t<\/div>\n\t\t\t\t<\/div>\n\t\t\t\t<div class=\"elementor-element elementor-element-4c9bd71 elementor-widget elementor-widget-image\" data-id=\"4c9bd71\" data-element_type=\"widget\" data-e-type=\"widget\" data-widget_type=\"image.default\">\n\t\t\t\t<div class=\"elementor-widget-container\">\n\t\t\t\t\t\t\t\t\t\t\t\t<figure class=\"wp-caption\">\n\t\t\t\t\t\t\t\t\t\t<img fetchpriority=\"high\" decoding=\"async\" width=\"1024\" height=\"768\" src=\"https:\/\/visitsandonatovaldicomino.it\/wp-content\/uploads\/2025\/05\/502140470_1104666028363139_405866201126450570_n-large.jpg\" class=\"attachment-large size-large wp-image-18692\" alt=\"\" srcset=\"https:\/\/visitsandonatovaldicomino.it\/wp-content\/uploads\/2025\/05\/502140470_1104666028363139_405866201126450570_n-large.jpg 1024w, https:\/\/visitsandonatovaldicomino.it\/wp-content\/uploads\/2025\/05\/502140470_1104666028363139_405866201126450570_n-600x450.jpg 600w, https:\/\/visitsandonatovaldicomino.it\/wp-content\/uploads\/2025\/05\/502140470_1104666028363139_405866201126450570_n-768x576.jpg 768w, https:\/\/visitsandonatovaldicomino.it\/wp-content\/uploads\/2025\/05\/502140470_1104666028363139_405866201126450570_n-1536x1152.jpg 1536w, https:\/\/visitsandonatovaldicomino.it\/wp-content\/uploads\/2025\/05\/502140470_1104666028363139_405866201126450570_n-16x12.jpg 16w, https:\/\/visitsandonatovaldicomino.it\/wp-content\/uploads\/2025\/05\/502140470_1104666028363139_405866201126450570_n.jpg 2048w\" sizes=\"(max-width: 1024px) 100vw, 1024px\" \/>\t\t\t\t\t\t\t\t\t\t\t<figcaption class=\"widget-image-caption wp-caption-text\">\u00a9 Samuele Tocci<\/figcaption>\n\t\t\t\t\t\t\t\t\t\t<\/figure>\n\t\t\t\t\t\t\t\t\t<\/div>\n\t\t\t\t<\/div>\n\t\t\t\t<\/div>\n\t\t<div class=\"elementor-element elementor-element-9bd45c3 e-con-full e-flex e-con e-child\" data-id=\"9bd45c3\" data-element_type=\"container\" data-e-type=\"container\">\n\t\t<div class=\"elementor-element elementor-element-e7599bf e-con-full e-flex e-con e-child\" data-id=\"e7599bf\" data-element_type=\"container\" data-e-type=\"container\" data-settings=\"{&quot;sticky&quot;:&quot;top&quot;,&quot;sticky_offset&quot;:140,&quot;sticky_effects_offset&quot;:150,&quot;sticky_parent&quot;:&quot;yes&quot;,&quot;sticky_on&quot;:[&quot;desktop&quot;,&quot;tablet&quot;,&quot;mobile&quot;],&quot;sticky_anchor_link_offset&quot;:0}\">\n\t\t<div class=\"elementor-element elementor-element-169268d e-con-full e-flex e-con e-child\" data-id=\"169268d\" data-element_type=\"container\" data-e-type=\"container\" data-settings=\"{&quot;background_background&quot;:&quot;classic&quot;}\">\n\t\t<div class=\"elementor-element elementor-element-9be488d e-con-full e-flex e-con e-child\" data-id=\"9be488d\" data-element_type=\"container\" data-e-type=\"container\">\n\t\t\t\t<div class=\"elementor-element elementor-element-cd8bc28 elementor-widget elementor-widget-heading\" data-id=\"cd8bc28\" data-element_type=\"widget\" data-e-type=\"widget\" data-widget_type=\"heading.default\">\n\t\t\t\t<div class=\"elementor-widget-container\">\n\t\t\t\t\t<h4 class=\"elementor-heading-title elementor-size-default\">Vuoi conoscere <b>altre storie?<\/b><\/h4>\t\t\t\t<\/div>\n\t\t\t\t<\/div>\n\t\t\t\t<\/div>\n\t\t<div class=\"elementor-element elementor-element-7ab26a5 e-con-full e-flex e-con e-child\" data-id=\"7ab26a5\" data-element_type=\"container\" data-e-type=\"container\" data-settings=\"{&quot;position&quot;:&quot;absolute&quot;}\">\n\t\t\t\t<div class=\"elementor-element elementor-element-776b078 elementor-view-stacked elementor-shape-circle elementor-widget elementor-widget-icon\" data-id=\"776b078\" data-element_type=\"widget\" data-e-type=\"widget\" data-widget_type=\"icon.default\">\n\t\t\t\t<div class=\"elementor-widget-container\">\n\t\t\t\t\t\t\t<div class=\"elementor-icon-wrapper\">\n\t\t\t<div class=\"elementor-icon\">\n\t\t\t<i aria-hidden=\"true\" class=\"fa6-solid fa6-solidcircle-info\"><\/i>\t\t\t<\/div>\n\t\t<\/div>\n\t\t\t\t\t\t<\/div>\n\t\t\t\t<\/div>\n\t\t\t\t<\/div>\n\t\t\t\t<div class=\"elementor-element elementor-element-06c07e1 elementor-widget elementor-widget-text-editor\" data-id=\"06c07e1\" data-element_type=\"widget\" data-e-type=\"widget\" data-widget_type=\"text-editor.default\">\n\t\t\t\t<div class=\"elementor-widget-container\">\n\t\t\t\t\t\t\t\t\t<p>Prenota una visita guidata con le nostre guide esperte e abilitate!<\/p><p>Ti accompagneremo alla scoperta dei luoghi pi\u00f9 suggestivi del borgo, raccontandoti la loro storia e svelandoti i loro tesori nascosti.\u00a0<\/p>\t\t\t\t\t\t\t\t<\/div>\n\t\t\t\t<\/div>\n\t\t<div class=\"elementor-element elementor-element-931d3fc e-con-full e-flex e-con e-child\" data-id=\"931d3fc\" data-element_type=\"container\" data-e-type=\"container\">\n\t\t\t\t<div class=\"elementor-element elementor-element-1a53c11 elementor-align-justify elementor-widget elementor-widget-button\" data-id=\"1a53c11\" data-element_type=\"widget\" data-e-type=\"widget\" data-widget_type=\"button.default\">\n\t\t\t\t<div class=\"elementor-widget-container\">\n\t\t\t\t\t\t\t\t\t<div class=\"elementor-button-wrapper\">\n\t\t\t\t\t<a class=\"elementor-button elementor-button-link elementor-size-sm elementor-animation-grow\" href=\"https:\/\/visitsandonatovaldicomino.it\/fr\/infopoint\/\" target=\"_blank\" rel=\"nofollow\">\n\t\t\t\t\t\t<span class=\"elementor-button-content-wrapper\">\n\t\t\t\t\t\t\t\t\t<span class=\"elementor-button-text\">Infopoint<\/span>\n\t\t\t\t\t<\/span>\n\t\t\t\t\t<\/a>\n\t\t\t\t<\/div>\n\t\t\t\t\t\t\t\t<\/div>\n\t\t\t\t<\/div>\n\t\t\t\t<div class=\"elementor-element elementor-element-bf207aa elementor-align-justify elementor-widget elementor-widget-button\" data-id=\"bf207aa\" data-element_type=\"widget\" data-e-type=\"widget\" data-widget_type=\"button.default\">\n\t\t\t\t<div class=\"elementor-widget-container\">\n\t\t\t\t\t\t\t\t\t<div class=\"elementor-button-wrapper\">\n\t\t\t\t\t<a class=\"elementor-button elementor-button-link elementor-size-sm elementor-animation-grow\" href=\"https:\/\/visitsandonatovaldicomino.it\/fr\/infopoint\/loge\/\">\n\t\t\t\t\t\t<span class=\"elementor-button-content-wrapper\">\n\t\t\t\t\t\t\t\t\t<span class=\"elementor-button-text\">Dove Alloggiare<\/span>\n\t\t\t\t\t<\/span>\n\t\t\t\t\t<\/a>\n\t\t\t\t<\/div>\n\t\t\t\t\t\t\t\t<\/div>\n\t\t\t\t<\/div>\n\t\t\t\t<div class=\"elementor-element elementor-element-d3a4676 elementor-align-justify elementor-widget elementor-widget-button\" data-id=\"d3a4676\" data-element_type=\"widget\" data-e-type=\"widget\" data-widget_type=\"button.default\">\n\t\t\t\t<div class=\"elementor-widget-container\">\n\t\t\t\t\t\t\t\t\t<div class=\"elementor-button-wrapper\">\n\t\t\t\t\t<a class=\"elementor-button elementor-button-link elementor-size-sm elementor-animation-grow\" href=\"#elementor-action%3Aaction%3Dpopup%3Aopen%26settings%3DeyJpZCI6IjY5NzYiLCJ0b2dnbGUiOmZhbHNlfQ%3D%3D\">\n\t\t\t\t\t\t<span class=\"elementor-button-content-wrapper\">\n\t\t\t\t\t\t\t\t\t<span class=\"elementor-button-text\">Richiedi informazioni<\/span>\n\t\t\t\t\t<\/span>\n\t\t\t\t\t<\/a>\n\t\t\t\t<\/div>\n\t\t\t\t\t\t\t\t<\/div>\n\t\t\t\t<\/div>\n\t\t\t\t<\/div>\n\t\t\t\t<\/div>\n\t\t<div class=\"elementor-element elementor-element-619a161 e-con-full elementor-hidden-tablet elementor-hidden-mobile e-flex e-con e-child\" data-id=\"619a161\" data-element_type=\"container\" data-e-type=\"container\">\n\t\t\t\t<div class=\"elementor-element elementor-element-7a59219 elementor-widget elementor-widget-heading\" data-id=\"7a59219\" data-element_type=\"widget\" data-e-type=\"widget\" data-widget_type=\"heading.default\">\n\t\t\t\t<div class=\"elementor-widget-container\">\n\t\t\t\t\t<h4 class=\"elementor-heading-title elementor-size-default\">Altre cose <br><b>da non perdere<\/b><\/h4>\t\t\t\t<\/div>\n\t\t\t\t<\/div>\n\t\t\t\t<div class=\"elementor-element elementor-element-a6bc377 elementor-widget__width-initial elementor-view-default elementor-widget elementor-widget-icon\" data-id=\"a6bc377\" data-element_type=\"widget\" data-e-type=\"widget\" data-settings=\"{&quot;motion_fx_motion_fx_scrolling&quot;:&quot;yes&quot;,&quot;motion_fx_blur_effect&quot;:&quot;yes&quot;,&quot;motion_fx_blur_direction&quot;:&quot;out-in-out&quot;,&quot;motion_fx_blur_range&quot;:{&quot;unit&quot;:&quot;%&quot;,&quot;size&quot;:&quot;&quot;,&quot;sizes&quot;:{&quot;start&quot;:21,&quot;end&quot;:58}},&quot;motion_fx_blur_level&quot;:{&quot;unit&quot;:&quot;px&quot;,&quot;size&quot;:7,&quot;sizes&quot;:[]},&quot;motion_fx_devices&quot;:[&quot;desktop&quot;,&quot;tablet&quot;,&quot;mobile&quot;]}\" data-widget_type=\"icon.default\">\n\t\t\t\t<div class=\"elementor-widget-container\">\n\t\t\t\t\t\t\t<div class=\"elementor-icon-wrapper\">\n\t\t\t<div class=\"elementor-icon\">\n\t\t\t<svg xmlns=\"http:\/\/www.w3.org\/2000\/svg\" xmlns:xlink=\"http:\/\/www.w3.org\/1999\/xlink\" fill=\"#000000\" width=\"800px\" height=\"800px\" viewBox=\"0 0 1000 1000\" xml:space=\"preserve\"><g><g transform=\"translate(0.000000,511.000000) scale(0.100000,-0.100000)\"><path d=\"M4128.9,4247.8L4010.1,4129l247.5-247.5L4505,3634l-1356.2-4l-1356.2-5.9l-5.9-162.3l-5.9-164.3h1372h1372l-257.4-257.4l-257.4-257.4l124.7-122.7l122.8-124.7l459.3,461.3l461.3,459.3l-455.4,455.4c-249.5,249.5-459.3,455.4-465.2,455.4C4251.6,4366.6,4194.2,4313.1,4128.9,4247.8z\"><\/path><path d=\"M559.3,3232.1L100,2772.8l455.4-455.4l455.4-455.4l122.7,124.7l124.7,122.7l-247.5,247.5l-247.5,247.5l1356.2,4l1356.2,5.9l5.9,164.3l5.9,162.3h-1372h-1372l257.4,257.4l257.4,257.4l-118.8,118.8l-118.8,118.8L559.3,3232.1z\"><\/path><path d=\"M5831.5,3424.2l-316.8-184.1l-9.9-1764l-9.9-1764l-249.4,431.6L4998,575.2l-396,4l-394,5.9l-194-338.5L3822-92l342.5-597.9l344.5-595.9l93-465.3l95-465.3l572.1-574.1l572.2-574.1v-392v-390h168.3H6178v459.3v461.3l-584,584l-582.1,584l-93,445.5c-49.5,245.5-102.9,467.2-116.8,494.9s-152.5,267.3-304.9,530.6C4342.7-321.6,4218-97.9,4218-88c0,7.9,41.6,87.1,91.1,176.2l93,162.3l200-5.9l200-5.9l514.7-892.9l514.7-894.9l9.9,2298.5l9.9,2298.5l166.3,95l164.3,95l166.3-93.1l166.3-95V1650.3V248.6h168.3h168.3v336.6v336.6l75.2,45.5c39.6,25.7,118.8,71.3,174.2,103l99,55.4l160.4-93l158.4-91.1l13.9-257.4c7.9-140.6,7.9-297,2-346.5l-13.9-89.1h180.2h180.2v243.5v241.5l166.3,93.1l166.3,95l174.2-97l176.2-97l-7.9-239.6l-7.9-239.6h170.3h170.3l5.9,172.2l5.9,172.2l162.3,93.1l160.4,93l170.3-99l170.3-99V-442.4v-1023.5l-336.6-896.9l-336.6-896.9v-443.5v-443.5h168.3h168.3v411.8v411.8l336.6,896.9l336.6,898.8V-377V775.2l-332.6,192c-184.1,104.9-338.6,192-346.5,192c-5.9,0-79.2-39.6-160.4-89.1c-83.1-49.5-160.4-89.1-170.3-89.1c-11.9,0-166.3,73.3-346.5,164.3l-328.6,162.3l-102.9-57.4c-57.4-31.7-134.6-75.2-172.2-97l-71.3-39.6l-295,174.2c-164.3,97-314.8,186.1-336.6,200c-35.6,21.8-59.4,13.9-207.9-73.3l-168.3-97l-9.9,964.2l-9.9,964.2l-316.8,184.1c-174.2,101-330.6,182.1-346.5,182.1C6162.1,3610.3,6005.7,3527.1,5831.5,3424.2z\"><\/path><\/g><\/g><\/svg>\t\t\t<\/div>\n\t\t<\/div>\n\t\t\t\t\t\t<\/div>\n\t\t\t\t<\/div>\n\t\t\t\t<div class=\"elementor-element elementor-element-a10056f elementor-widget elementor-widget-case27-listing-feed-widget\" data-id=\"a10056f\" data-element_type=\"widget\" data-e-type=\"widget\" data-widget_type=\"case27-listing-feed-widget.default\">\n\t\t\t\t<div class=\"elementor-widget-container\">\n\t\t\t\t\t\r\n<section class=\"i-section listing-feed-2 \">\r\n\t<div class=\"container\">\r\n\t\t<div class=\"row section-body\">\r\n\t\t\t<div class=\"owl-carousel listing-feed-carousel c27-owl-nav\" owl-mobile=\"2\" owl-tablet=\"2\" owl-desktop=\"2\" owl-speed=\"2.5\" owl-loop=\"1\" owl-autoplay=\"\" nav-style=\"\" nav-mode=\"nav\">\r\n\t\t\t\t<div class=\"\"><div\r\n    class=\"lf-item-container listing-preview type-discover  c27-verified no-logo has-tagline has-info-fields level-normal priority-0\"\r\n    data-id=\"listing-id-2777\"\r\n        data-category-icon=\"\t\t\t&lt;i class=&quot;mi bookmark_border&quot; style=&quot;color: #fff; background: #3a4d39; &quot;&gt;&lt;\/i&gt;\r\n\t\t\"\r\n    data-category-color=\"#3a4d39\"\r\n    data-category-text-color=\"#fff\"\r\n        data-thumbnail=\"https:\/\/visitsandonatovaldicomino.it\/wp-content\/themes\/my-listing\/assets\/images\/marker.jpg\"\r\n    data-marker=\"https:\/\/visitsandonatovaldicomino.it\/wp-content\/themes\/my-listing\/assets\/images\/marker.jpg\"\r\n    data-template=\"default\"\r\n    data-locations=\"[{&quot;address&quot;:&quot;Viale Guglielmo Marconi, 37, 03046 San Donato Val di Comino FR, Italy&quot;,&quot;lat&quot;:&quot;41.70809&quot;,&quot;lng&quot;:&quot;13.81406&quot;}]\"\r\n>\r\n<div class=\"lf-item lf-item-default\" data-template=\"default\">\r\n    <a href=\"https:\/\/visitsandonatovaldicomino.it\/fr\/attraction\/monument-une-femme-transporte-du-bois-depuis-la-forca-dacero\/\">\r\n\r\n        <div class=\"overlay\" style=\"\r\n    background-color: #242429;\r\n    opacity: 0.4;\r\n\"><\/div>\r\n        \r\n                    <div class=\"lf-background\" style=\"background-image: url('https:\/\/visitsandonatovaldicomino.it\/wp-content\/uploads\/2024\/05\/Monumento-Donna-Legna-scaled-large.jpg');\"><\/div>\r\n        \r\n        <div class=\"lf-item-info\">\r\n            \r\n            <h4 class=\"case27-primary-text listing-preview-title\">\r\n                Monumento Una donna trasporta legna da Forca d'Acero                                    <img decoding=\"async\" height=\"18\" width=\"18\" alt=\"Verified listing\" class=\"verified-listing\" src=\"https:\/\/visitsandonatovaldicomino.it\/wp-content\/themes\/my-listing\/assets\/images\/tick.svg\">\r\n                            <\/h4>\r\n\r\n            \r\n<ul class=\"lf-contact no-list-style\">\r\n    <\/ul>\r\n        <\/div>\r\n\r\n    <\/a>\r\n        <div class=\"lf-head level-normal\">\r\n        <\/div>\r\n<\/div>\r\n\r\n            <div class=\"listing-details actions c27-footer-section\">\r\n                <div class=\"ld-info\">\r\n                    <ul class=\"no-list-style\">\r\n                                                    <li class=\"item-preview tooltip-element\">\r\n    <a aria-label=\"Quick view button\" href=\"#\" type=\"button\" class=\"c27-toggle-quick-view-modal\" data-id=\"2777\">\r\n    \t<i class=\"mi zoom_in\"><\/i>\r\n    <\/a>\r\n    <span class=\"tooltip-container\">Quick view<\/span>\r\n<\/li>                                                                            <li class=\"tooltip-element\">\r\n    <a aria-label=\"Bookmark button\" href=\"#\" class=\"c27-bookmark-button \"\r\n       data-listing-id=\"2777\" onclick=\"MyListing.Handlers.Bookmark_Button(event, this)\">\r\n       <i class=\"mi favorite_border\"><\/i>\r\n    <\/a>\r\n    <span class=\"tooltip-container\">Bookmark<\/span>\r\n<\/li>                                                                            <li\r\n   class=\"compare-button-li tooltip-element tooltip-right\"\r\n>\r\n    <a aria-label=\"Compare button\" href=\"#\" class=\"c27-compare-button\" onclick=\"MyListing.Handlers.Compare_Button(event, this)\">\r\n       <i class=\"mi add\"><\/i>\r\n    <\/a>\r\n    <span class=\"tooltip-container\">Add to comparison<\/span>\r\n<\/li>                                            <\/ul>\r\n                <\/div>\r\n            <\/div>\r\n            <\/div>\r\n<\/div><div class=\"\"><div\r\n    class=\"lf-item-container listing-preview type-discover  c27-verified no-logo has-tagline has-info-fields level-normal priority-0\"\r\n    data-id=\"listing-id-4485\"\r\n        data-category-icon=\"\t\t\t\t&lt;div class=&quot;term-icon image-icon&quot; style=&quot;color: #fff; background: #825006; &quot;&gt;\r\n\t\t\t\t\t&lt;img width=&quot;128&quot; height=&quot;128&quot; src=&quot;https:\/\/visitsandonatovaldicomino.it\/wp-content\/uploads\/2024\/05\/castlemedieval.png&quot; class=&quot;attachment-full size-full&quot; alt=&quot;&quot; srcset=&quot;https:\/\/visitsandonatovaldicomino.it\/wp-content\/uploads\/2024\/05\/castlemedieval.png 128w, https:\/\/visitsandonatovaldicomino.it\/wp-content\/uploads\/2024\/05\/castlemedieval-12x12.png 12w, https:\/\/visitsandonatovaldicomino.it\/wp-content\/uploads\/2024\/05\/castlemedieval-100x100.png 100w&quot; sizes=&quot;(max-width: 128px) 100vw, 128px&quot; \/&gt;\t\t\t\t&lt;\/div&gt;\r\n\t\t\t\"\r\n    data-category-color=\"#825006\"\r\n    data-category-text-color=\"#fff\"\r\n        data-thumbnail=\"https:\/\/visitsandonatovaldicomino.it\/wp-content\/themes\/my-listing\/assets\/images\/marker.jpg\"\r\n    data-marker=\"https:\/\/visitsandonatovaldicomino.it\/wp-content\/themes\/my-listing\/assets\/images\/marker.jpg\"\r\n    data-template=\"default\"\r\n    data-locations=\"[{&quot;address&quot;:&quot;Via Belfiore, 28, 03046 San Donato Val di Comino FR, Italy&quot;,&quot;lat&quot;:&quot;41.70898&quot;,&quot;lng&quot;:&quot;13.81333&quot;}]\"\r\n>\r\n<div class=\"lf-item lf-item-default\" data-template=\"default\">\r\n    <a href=\"https:\/\/visitsandonatovaldicomino.it\/fr\/attraction\/perrelli-nanny-palace\/\">\r\n\r\n        <div class=\"overlay\" style=\"\r\n    background-color: #242429;\r\n    opacity: 0.4;\r\n\"><\/div>\r\n        \r\n                    <div class=\"lf-background\" style=\"background-image: url('https:\/\/visitsandonatovaldicomino.it\/wp-content\/uploads\/2024\/06\/Palazzo-Tata-Perrelli-large.jpeg');\"><\/div>\r\n        \r\n        <div class=\"lf-item-info\">\r\n            \r\n            <h4 class=\"case27-primary-text listing-preview-title\">\r\n                Palazzo Tata-Perrelli                                    <img decoding=\"async\" height=\"18\" width=\"18\" alt=\"Verified listing\" class=\"verified-listing\" src=\"https:\/\/visitsandonatovaldicomino.it\/wp-content\/themes\/my-listing\/assets\/images\/tick.svg\">\r\n                            <\/h4>\r\n\r\n            \r\n<ul class=\"lf-contact no-list-style\">\r\n    <\/ul>\r\n        <\/div>\r\n\r\n    <\/a>\r\n        <div class=\"lf-head level-normal\">\r\n        <\/div>\r\n<\/div>\r\n\r\n            <div class=\"listing-details actions c27-footer-section\">\r\n                <div class=\"ld-info\">\r\n                    <ul class=\"no-list-style\">\r\n                                                    <li class=\"item-preview tooltip-element\">\r\n    <a aria-label=\"Quick view button\" href=\"#\" type=\"button\" class=\"c27-toggle-quick-view-modal\" data-id=\"4485\">\r\n    \t<i class=\"mi zoom_in\"><\/i>\r\n    <\/a>\r\n    <span class=\"tooltip-container\">Quick view<\/span>\r\n<\/li>                                                                            <li class=\"tooltip-element\">\r\n    <a aria-label=\"Bookmark button\" href=\"#\" class=\"c27-bookmark-button \"\r\n       data-listing-id=\"4485\" onclick=\"MyListing.Handlers.Bookmark_Button(event, this)\">\r\n       <i class=\"mi favorite_border\"><\/i>\r\n    <\/a>\r\n    <span class=\"tooltip-container\">Bookmark<\/span>\r\n<\/li>                                                                            <li\r\n   class=\"compare-button-li tooltip-element tooltip-right\"\r\n>\r\n    <a aria-label=\"Compare button\" href=\"#\" class=\"c27-compare-button\" onclick=\"MyListing.Handlers.Compare_Button(event, this)\">\r\n       <i class=\"mi add\"><\/i>\r\n    <\/a>\r\n    <span class=\"tooltip-container\">Add to comparison<\/span>\r\n<\/li>                                            <\/ul>\r\n                <\/div>\r\n            <\/div>\r\n            <\/div>\r\n<\/div><div class=\"\"><div\r\n    class=\"lf-item-container listing-preview type-discover  c27-verified has-logo has-tagline has-info-fields level-normal priority-0\"\r\n    data-id=\"listing-id-2099\"\r\n        data-category-icon=\"\t\t\t\t&lt;div class=&quot;term-icon image-icon&quot; style=&quot;color: #fff; background: #825006; &quot;&gt;\r\n\t\t\t\t\t&lt;img width=&quot;128&quot; height=&quot;128&quot; src=&quot;https:\/\/visitsandonatovaldicomino.it\/wp-content\/uploads\/2024\/05\/castlemedieval.png&quot; class=&quot;attachment-full size-full&quot; alt=&quot;&quot; srcset=&quot;https:\/\/visitsandonatovaldicomino.it\/wp-content\/uploads\/2024\/05\/castlemedieval.png 128w, https:\/\/visitsandonatovaldicomino.it\/wp-content\/uploads\/2024\/05\/castlemedieval-12x12.png 12w, https:\/\/visitsandonatovaldicomino.it\/wp-content\/uploads\/2024\/05\/castlemedieval-100x100.png 100w&quot; sizes=&quot;(max-width: 128px) 100vw, 128px&quot; \/&gt;\t\t\t\t&lt;\/div&gt;\r\n\t\t\t\"\r\n    data-category-color=\"#825006\"\r\n    data-category-text-color=\"#fff\"\r\n        data-thumbnail=\"https:\/\/visitsandonatovaldicomino.it\/wp-content\/uploads\/2024\/05\/n5-small.png\"\r\n    data-marker=\"https:\/\/visitsandonatovaldicomino.it\/wp-content\/uploads\/2024\/05\/n5-small.png\"\r\n    data-template=\"default\"\r\n    data-locations=\"[{&quot;address&quot;:&quot;Via Cannesse, 54, 03046 San Donato Val di Comino FR, Italy&quot;,&quot;lat&quot;:&quot;41.70900&quot;,&quot;lng&quot;:&quot;13.81100&quot;}]\"\r\n>\r\n<div class=\"lf-item lf-item-default\" data-template=\"default\">\r\n    <a href=\"https:\/\/visitsandonatovaldicomino.it\/fr\/attraction\/origine-spuort\/\">\r\n\r\n        <div class=\"overlay\" style=\"\r\n    background-color: #242429;\r\n    opacity: 0.4;\r\n\"><\/div>\r\n        \r\n                    <div class=\"lf-background\" style=\"background-image: url('https:\/\/visitsandonatovaldicomino.it\/wp-content\/uploads\/2024\/05\/DSC00635-scaled-large.jpeg');\"><\/div>\r\n        \r\n        <div class=\"lf-item-info\">\r\n                            <div class=\"lf-avatar\" style=\"background-image: url('https:\/\/visitsandonatovaldicomino.it\/wp-content\/uploads\/2024\/05\/n5-small.png')\"><\/div>\r\n            \r\n            <h4 class=\"case27-primary-text listing-preview-title\">\r\n                Spuort delle Origini                                    <img decoding=\"async\" height=\"18\" width=\"18\" alt=\"Verified listing\" class=\"verified-listing\" src=\"https:\/\/visitsandonatovaldicomino.it\/wp-content\/themes\/my-listing\/assets\/images\/tick.svg\">\r\n                            <\/h4>\r\n\r\n            \r\n<ul class=\"lf-contact no-list-style\">\r\n    <\/ul>\r\n        <\/div>\r\n\r\n    <\/a>\r\n        <div class=\"lf-head level-normal\">\r\n        <\/div>\r\n<\/div>\r\n\r\n            <div class=\"listing-details actions c27-footer-section\">\r\n                <div class=\"ld-info\">\r\n                    <ul class=\"no-list-style\">\r\n                                                    <li class=\"item-preview tooltip-element\">\r\n    <a aria-label=\"Quick view button\" href=\"#\" type=\"button\" class=\"c27-toggle-quick-view-modal\" data-id=\"2099\">\r\n    \t<i class=\"mi zoom_in\"><\/i>\r\n    <\/a>\r\n    <span class=\"tooltip-container\">Quick view<\/span>\r\n<\/li>                                                                            <li class=\"tooltip-element\">\r\n    <a aria-label=\"Bookmark button\" href=\"#\" class=\"c27-bookmark-button \"\r\n       data-listing-id=\"2099\" onclick=\"MyListing.Handlers.Bookmark_Button(event, this)\">\r\n       <i class=\"mi favorite_border\"><\/i>\r\n    <\/a>\r\n    <span class=\"tooltip-container\">Bookmark<\/span>\r\n<\/li>                                                                            <li\r\n   class=\"compare-button-li tooltip-element tooltip-right\"\r\n>\r\n    <a aria-label=\"Compare button\" href=\"#\" class=\"c27-compare-button\" onclick=\"MyListing.Handlers.Compare_Button(event, this)\">\r\n       <i class=\"mi add\"><\/i>\r\n    <\/a>\r\n    <span class=\"tooltip-container\">Add to comparison<\/span>\r\n<\/li>                                            <\/ul>\r\n                <\/div>\r\n            <\/div>\r\n            <\/div>\r\n<\/div><div class=\"\"><div\r\n    class=\"lf-item-container listing-preview type-discover  c27-verified no-logo has-tagline has-info-fields level-normal priority-0\"\r\n    data-id=\"listing-id-16519\"\r\n        data-category-icon=\"\t\t\t\t&lt;div class=&quot;term-icon image-icon&quot; style=&quot;color: #fff; background: #825006; &quot;&gt;\r\n\t\t\t\t\t&lt;img width=&quot;128&quot; height=&quot;128&quot; src=&quot;https:\/\/visitsandonatovaldicomino.it\/wp-content\/uploads\/2024\/05\/castlemedieval.png&quot; class=&quot;attachment-full size-full&quot; alt=&quot;&quot; srcset=&quot;https:\/\/visitsandonatovaldicomino.it\/wp-content\/uploads\/2024\/05\/castlemedieval.png 128w, https:\/\/visitsandonatovaldicomino.it\/wp-content\/uploads\/2024\/05\/castlemedieval-12x12.png 12w, https:\/\/visitsandonatovaldicomino.it\/wp-content\/uploads\/2024\/05\/castlemedieval-100x100.png 100w&quot; sizes=&quot;(max-width: 128px) 100vw, 128px&quot; \/&gt;\t\t\t\t&lt;\/div&gt;\r\n\t\t\t\"\r\n    data-category-color=\"#825006\"\r\n    data-category-text-color=\"#fff\"\r\n        data-thumbnail=\"https:\/\/visitsandonatovaldicomino.it\/wp-content\/themes\/my-listing\/assets\/images\/marker.jpg\"\r\n    data-marker=\"https:\/\/visitsandonatovaldicomino.it\/wp-content\/themes\/my-listing\/assets\/images\/marker.jpg\"\r\n    data-template=\"default\"\r\n    data-locations=\"[{&quot;address&quot;:&quot;Via Gambarelli, 5, 03046 San Donato Val di Comino FR, Italy&quot;,&quot;lat&quot;:&quot;41.70852&quot;,&quot;lng&quot;:&quot;13.81085&quot;}]\"\r\n>\r\n<div class=\"lf-item lf-item-default\" data-template=\"default\">\r\n    <a href=\"https:\/\/visitsandonatovaldicomino.it\/fr\/attraction\/palais-de-musilli\/\">\r\n\r\n        <div class=\"overlay\" style=\"\r\n    background-color: #242429;\r\n    opacity: 0.4;\r\n\"><\/div>\r\n        \r\n                    <div class=\"lf-background\" style=\"background-image: url('https:\/\/visitsandonatovaldicomino.it\/wp-content\/uploads\/2025\/03\/Palazzo-Musilli-001-large.jpeg');\"><\/div>\r\n        \r\n        <div class=\"lf-item-info\">\r\n            \r\n            <h4 class=\"case27-primary-text listing-preview-title\">\r\n                Palazzo Musilli                                    <img decoding=\"async\" height=\"18\" width=\"18\" alt=\"Verified listing\" class=\"verified-listing\" src=\"https:\/\/visitsandonatovaldicomino.it\/wp-content\/themes\/my-listing\/assets\/images\/tick.svg\">\r\n                            <\/h4>\r\n\r\n            \r\n<ul class=\"lf-contact no-list-style\">\r\n    <\/ul>\r\n        <\/div>\r\n\r\n    <\/a>\r\n        <div class=\"lf-head level-normal\">\r\n        <\/div>\r\n<\/div>\r\n\r\n            <div class=\"listing-details actions c27-footer-section\">\r\n                <div class=\"ld-info\">\r\n                    <ul class=\"no-list-style\">\r\n                                                    <li class=\"item-preview tooltip-element\">\r\n    <a aria-label=\"Quick view button\" href=\"#\" type=\"button\" class=\"c27-toggle-quick-view-modal\" data-id=\"16519\">\r\n    \t<i class=\"mi zoom_in\"><\/i>\r\n    <\/a>\r\n    <span class=\"tooltip-container\">Quick view<\/span>\r\n<\/li>                                                                            <li class=\"tooltip-element\">\r\n    <a aria-label=\"Bookmark button\" href=\"#\" class=\"c27-bookmark-button \"\r\n       data-listing-id=\"16519\" onclick=\"MyListing.Handlers.Bookmark_Button(event, this)\">\r\n       <i class=\"mi favorite_border\"><\/i>\r\n    <\/a>\r\n    <span class=\"tooltip-container\">Bookmark<\/span>\r\n<\/li>                                                                            <li\r\n   class=\"compare-button-li tooltip-element tooltip-right\"\r\n>\r\n    <a aria-label=\"Compare button\" href=\"#\" class=\"c27-compare-button\" onclick=\"MyListing.Handlers.Compare_Button(event, this)\">\r\n       <i class=\"mi add\"><\/i>\r\n    <\/a>\r\n    <span class=\"tooltip-container\">Add to comparison<\/span>\r\n<\/li>                                            <\/ul>\r\n                <\/div>\r\n            <\/div>\r\n            <\/div>\r\n<\/div><div class=\"\"><div\r\n    class=\"lf-item-container listing-preview type-discover  c27-verified no-logo has-tagline has-info-fields level-normal priority-0\"\r\n    data-id=\"listing-id-2310\"\r\n        data-category-icon=\"\t\t\t\t&lt;div class=&quot;term-icon image-icon&quot; style=&quot;color: #fff; background: #825006; &quot;&gt;\r\n\t\t\t\t\t&lt;img width=&quot;128&quot; height=&quot;128&quot; src=&quot;https:\/\/visitsandonatovaldicomino.it\/wp-content\/uploads\/2024\/05\/castlemedieval.png&quot; class=&quot;attachment-full size-full&quot; alt=&quot;&quot; srcset=&quot;https:\/\/visitsandonatovaldicomino.it\/wp-content\/uploads\/2024\/05\/castlemedieval.png 128w, https:\/\/visitsandonatovaldicomino.it\/wp-content\/uploads\/2024\/05\/castlemedieval-12x12.png 12w, https:\/\/visitsandonatovaldicomino.it\/wp-content\/uploads\/2024\/05\/castlemedieval-100x100.png 100w&quot; sizes=&quot;(max-width: 128px) 100vw, 128px&quot; \/&gt;\t\t\t\t&lt;\/div&gt;\r\n\t\t\t\"\r\n    data-category-color=\"#825006\"\r\n    data-category-text-color=\"#fff\"\r\n        data-thumbnail=\"https:\/\/visitsandonatovaldicomino.it\/wp-content\/themes\/my-listing\/assets\/images\/marker.jpg\"\r\n    data-marker=\"https:\/\/visitsandonatovaldicomino.it\/wp-content\/themes\/my-listing\/assets\/images\/marker.jpg\"\r\n    data-template=\"default\"\r\n    data-locations=\"[{&quot;address&quot;:&quot;Via Campozzone, 121, 03046 San Donato Val di Comino FR, Italy&quot;,&quot;lat&quot;:&quot;41.70993&quot;,&quot;lng&quot;:&quot;13.81305&quot;}]\"\r\n>\r\n<div class=\"lf-item lf-item-default\" data-template=\"default\">\r\n    <a href=\"https:\/\/visitsandonatovaldicomino.it\/fr\/attraction\/palais-de-la-tempete\/\">\r\n\r\n        <div class=\"overlay\" style=\"\r\n    background-color: #242429;\r\n    opacity: 0.4;\r\n\"><\/div>\r\n        \r\n                    <div class=\"lf-background\" style=\"background-image: url('https:\/\/visitsandonatovaldicomino.it\/wp-content\/uploads\/2024\/05\/Palazzo-Tempesta-scaled-large.jpg');\"><\/div>\r\n        \r\n        <div class=\"lf-item-info\">\r\n            \r\n            <h4 class=\"case27-primary-text listing-preview-title\">\r\n                Palazzo Tempesta                                    <img decoding=\"async\" height=\"18\" width=\"18\" alt=\"Verified listing\" class=\"verified-listing\" src=\"https:\/\/visitsandonatovaldicomino.it\/wp-content\/themes\/my-listing\/assets\/images\/tick.svg\">\r\n                            <\/h4>\r\n\r\n            \r\n<ul class=\"lf-contact no-list-style\">\r\n    <\/ul>\r\n        <\/div>\r\n\r\n    <\/a>\r\n        <div class=\"lf-head level-normal\">\r\n        <\/div>\r\n<\/div>\r\n\r\n            <div class=\"listing-details actions c27-footer-section\">\r\n                <div class=\"ld-info\">\r\n                    <ul class=\"no-list-style\">\r\n                                                    <li class=\"item-preview tooltip-element\">\r\n    <a aria-label=\"Quick view button\" href=\"#\" type=\"button\" class=\"c27-toggle-quick-view-modal\" data-id=\"2310\">\r\n    \t<i class=\"mi zoom_in\"><\/i>\r\n    <\/a>\r\n    <span class=\"tooltip-container\">Quick view<\/span>\r\n<\/li>                                                                            <li class=\"tooltip-element\">\r\n    <a aria-label=\"Bookmark button\" href=\"#\" class=\"c27-bookmark-button \"\r\n       data-listing-id=\"2310\" onclick=\"MyListing.Handlers.Bookmark_Button(event, this)\">\r\n       <i class=\"mi favorite_border\"><\/i>\r\n    <\/a>\r\n    <span class=\"tooltip-container\">Bookmark<\/span>\r\n<\/li>                                                                            <li\r\n   class=\"compare-button-li tooltip-element tooltip-right\"\r\n>\r\n    <a aria-label=\"Compare button\" href=\"#\" class=\"c27-compare-button\" onclick=\"MyListing.Handlers.Compare_Button(event, this)\">\r\n       <i class=\"mi add\"><\/i>\r\n    <\/a>\r\n    <span class=\"tooltip-container\">Add to comparison<\/span>\r\n<\/li>                                            <\/ul>\r\n                <\/div>\r\n            <\/div>\r\n            <\/div>\r\n<\/div><div class=\"\"><div\r\n    class=\"lf-item-container listing-preview type-discover  c27-verified has-logo has-tagline has-info-fields level-normal priority-0\"\r\n    data-id=\"listing-id-2173\"\r\n        data-category-icon=\"\t\t\t&lt;i class=&quot;fa fa-church&quot; style=&quot;color: #000000; background: #ffffff; &quot;&gt;&lt;\/i&gt;\r\n\t\t\"\r\n    data-category-color=\"#ffffff\"\r\n    data-category-text-color=\"#000000\"\r\n        data-thumbnail=\"https:\/\/visitsandonatovaldicomino.it\/wp-content\/uploads\/2024\/05\/chiesaico-small.png\"\r\n    data-marker=\"https:\/\/visitsandonatovaldicomino.it\/wp-content\/uploads\/2024\/05\/chiesaico-small.png\"\r\n    data-template=\"default\"\r\n    data-locations=\"[{&quot;address&quot;:&quot;SR509, 134, 03046 San Donato Val di Comino FR, Italy&quot;,&quot;lat&quot;:&quot;41.71002&quot;,&quot;lng&quot;:&quot;13.80790&quot;}]\"\r\n>\r\n<div class=\"lf-item lf-item-default\" data-template=\"default\">\r\n    <a href=\"https:\/\/visitsandonatovaldicomino.it\/fr\/attraction\/notre-dame-du-sacre-coeur-de-jesus\/\">\r\n\r\n        <div class=\"overlay\" style=\"\r\n    background-color: #242429;\r\n    opacity: 0.4;\r\n\"><\/div>\r\n        \r\n                    <div class=\"lf-background\" style=\"background-image: url('https:\/\/visitsandonatovaldicomino.it\/wp-content\/uploads\/2024\/05\/La-Cappelletta-large.jpg');\"><\/div>\r\n        \r\n        <div class=\"lf-item-info\">\r\n                            <div class=\"lf-avatar\" style=\"background-image: url('https:\/\/visitsandonatovaldicomino.it\/wp-content\/uploads\/2024\/05\/chiesaico-small.png')\"><\/div>\r\n            \r\n            <h4 class=\"case27-primary-text listing-preview-title\">\r\n                Cappella della Nostra Signora del Sacro Cuore di Ges\u00f9 (Cappelletta)                                    <img decoding=\"async\" height=\"18\" width=\"18\" alt=\"Verified listing\" class=\"verified-listing\" src=\"https:\/\/visitsandonatovaldicomino.it\/wp-content\/themes\/my-listing\/assets\/images\/tick.svg\">\r\n                            <\/h4>\r\n\r\n            \r\n<ul class=\"lf-contact no-list-style\">\r\n    <\/ul>\r\n        <\/div>\r\n\r\n    <\/a>\r\n        <div class=\"lf-head level-normal\">\r\n        <\/div>\r\n<\/div>\r\n\r\n            <div class=\"listing-details actions c27-footer-section\">\r\n                <div class=\"ld-info\">\r\n                    <ul class=\"no-list-style\">\r\n                                                    <li class=\"item-preview tooltip-element\">\r\n    <a aria-label=\"Quick view button\" href=\"#\" type=\"button\" class=\"c27-toggle-quick-view-modal\" data-id=\"2173\">\r\n    \t<i class=\"mi zoom_in\"><\/i>\r\n    <\/a>\r\n    <span class=\"tooltip-container\">Quick view<\/span>\r\n<\/li>                                                                            <li class=\"tooltip-element\">\r\n    <a aria-label=\"Bookmark button\" href=\"#\" class=\"c27-bookmark-button \"\r\n       data-listing-id=\"2173\" onclick=\"MyListing.Handlers.Bookmark_Button(event, this)\">\r\n       <i class=\"mi favorite_border\"><\/i>\r\n    <\/a>\r\n    <span class=\"tooltip-container\">Bookmark<\/span>\r\n<\/li>                                                                            <li\r\n   class=\"compare-button-li tooltip-element tooltip-right\"\r\n>\r\n    <a aria-label=\"Compare button\" href=\"#\" class=\"c27-compare-button\" onclick=\"MyListing.Handlers.Compare_Button(event, this)\">\r\n       <i class=\"mi add\"><\/i>\r\n    <\/a>\r\n    <span class=\"tooltip-container\">Add to comparison<\/span>\r\n<\/li>                                            <\/ul>\r\n                <\/div>\r\n            <\/div>\r\n            <\/div>\r\n<\/div>\r\n\t\t\t\t\r\n\t\t\t<\/div>\r\n\t\t<\/div>\r\n\t<\/div>\r\n<\/section>\r\n\t\t\t\t<\/div>\n\t\t\t\t<\/div>\n\t\t\t\t<\/div>\n\t\t<div class=\"elementor-element elementor-element-19f8563 e-con-full elementor-hidden-tablet elementor-hidden-mobile e-flex e-con e-child\" data-id=\"19f8563\" data-element_type=\"container\" data-e-type=\"container\">\n\t\t\t\t<div class=\"elementor-element elementor-element-2764233 elementor-widget elementor-widget-heading\" data-id=\"2764233\" data-element_type=\"widget\" data-e-type=\"widget\" data-widget_type=\"heading.default\">\n\t\t\t\t<div class=\"elementor-widget-container\">\n\t\t\t\t\t<h5 class=\"elementor-heading-title elementor-size-default\"><b>Condividi<\/b><\/h5>\t\t\t\t<\/div>\n\t\t\t\t<\/div>\n\t\t\t\t<div class=\"elementor-element elementor-element-4025f4f elementor-widget elementor-widget-tp-social-sharing\" data-id=\"4025f4f\" data-element_type=\"widget\" data-e-type=\"widget\" data-widget_type=\"tp-social-sharing.default\">\n\t\t\t\t<div class=\"elementor-widget-container\">\n\t\t\t\t\t<div class=\"tp-social-sharing sharing-horizontal sharing-style-1 tp-widget-tp-ss69f226ad5f2c1\"><ul class=\"tp-social-list  top \"><li class=\"totalcount \"><span class=\"totalcount-item\"><span class=\"total-count-number\"><\/span><span class=\"total-number-label\"><\/span><\/span><\/li><li class=\"tp-social-menu  elementor-repeater-item-30e49ff content_hover_effect \"><a href=\"https:\/\/www.facebook.com\/sharer.php?u=https:\/\/visitsandonatovaldicomino.it\/fr\/histoires\/le-rocher-des-allemands-quand-lhistoire-marque-la-montagne-de-son-empreinte\/\" target=\" \" rel=\" \" class=\"share-btn text-left \"><span class=\"social-btn-icon \"><i aria-hidden=\"true\" class=\"fab fa-facebook-f\"><\/i><\/span><\/a><\/li><li class=\"tp-social-menu  elementor-repeater-item-c31bec7 content_hover_effect \"><a href=\"\" target=\" \" rel=\" \" class=\"share-btn text-left \"><span class=\"social-btn-icon \"><i aria-hidden=\"true\" class=\"fab fa-facebook-messenger\"><\/i><\/span><\/a><\/li><li class=\"tp-social-menu  elementor-repeater-item-6715232 content_hover_effect \"><a href=\"https:\/\/www.instagram.com\/\" target=\" \" rel=\" \" class=\"share-btn text-left \"><span class=\"social-btn-icon \"><i aria-hidden=\"true\" class=\"fab fa-instagram\"><\/i><\/span><\/a><\/li><li class=\"tp-social-menu  elementor-repeater-item-509cc44 content_hover_effect \"><a href=\"https:\/\/telegram.me\/share\/url?url=https:\/\/visitsandonatovaldicomino.it\/fr\/histoires\/le-rocher-des-allemands-quand-lhistoire-marque-la-montagne-de-son-empreinte\/&#038;text=La%20Roccia%20dei%20Tedeschi:%20Quando%20la%20storia%20lascia%20il%20segno%20sulla%20montagna\" target=\" \" rel=\" \" class=\"share-btn text-left \"><span class=\"social-btn-icon \"><i aria-hidden=\"true\" class=\"fab fa-telegram-plane\"><\/i><\/span><\/a><\/li><li class=\"tp-social-menu  elementor-repeater-item-7647086 content_hover_effect \"><a href=\"https:\/\/api.whatsapp.com\/send?text=La%20Roccia%20dei%20Tedeschi:%20Quando%20la%20storia%20lascia%20il%20segno%20sulla%20montagna-https:\/\/visitsandonatovaldicomino.it\/fr\/histoires\/le-rocher-des-allemands-quand-lhistoire-marque-la-montagne-de-son-empreinte\/\" target=\" \" rel=\" \" class=\"share-btn text-left \"><span class=\"social-btn-icon \"><i aria-hidden=\"true\" class=\"fab fa-whatsapp\"><\/i><\/span><\/a><\/li><li class=\"tp-social-menu  elementor-repeater-item-11cb136 content_hover_effect \"><a href=\"https:\/\/www.linkedin.com\/shareArticle?mini=true&#038;url=https:\/\/visitsandonatovaldicomino.it\/fr\/histoires\/le-rocher-des-allemands-quand-lhistoire-marque-la-montagne-de-son-empreinte\/&#038;title=La%20Roccia%20dei%20Tedeschi:%20Quando%20la%20storia%20lascia%20il%20segno%20sulla%20montagna\" target=\" \" rel=\" \" class=\"share-btn text-left \"><span class=\"social-btn-icon \"><i aria-hidden=\"true\" class=\"fab fa-linkedin-in\"><\/i><\/span><\/a><\/li><\/ul><\/div>\t\t\t\t<\/div>\n\t\t\t\t<\/div>\n\t\t\t\t<\/div>\n\t\t\t\t<\/div>\n\t\t\t\t<\/div>\n\t\t\t\t\t<\/div>\n\t\t\t\t<\/div>\n\t\t<div class=\"elementor-element elementor-element-ac4fe52 e-flex e-con-boxed e-con e-parent\" data-id=\"ac4fe52\" data-element_type=\"container\" data-e-type=\"container\" data-settings=\"{&quot;background_background&quot;:&quot;classic&quot;}\">\n\t\t\t\t\t<div class=\"e-con-inner\">\n\t\t<div class=\"elementor-element elementor-element-2f2b4c9 e-con-full e-flex e-con e-child\" data-id=\"2f2b4c9\" data-element_type=\"container\" data-e-type=\"container\">\n\t\t\t\t<div class=\"elementor-element elementor-element-419c738 elementor-widget elementor-widget-heading\" data-id=\"419c738\" data-element_type=\"widget\" data-e-type=\"widget\" data-widget_type=\"heading.default\">\n\t\t\t\t<div class=\"elementor-widget-container\">\n\t\t\t\t\t<h3 class=\"elementor-heading-title elementor-size-default\">Altre storie che ti <br><b>potrebbero interessare<\/b><\/h3>\t\t\t\t<\/div>\n\t\t\t\t<\/div>\n\t\t\t\t<div class=\"elementor-element elementor-element-c082c2d elementor-grid-tablet-3 elementor-posts--align-left elementor-grid-3 elementor-grid-mobile-1 elementor-posts--thumbnail-top elementor-posts__hover-gradient elementor-widget elementor-widget-posts\" data-id=\"c082c2d\" data-element_type=\"widget\" data-e-type=\"widget\" data-settings=\"{&quot;cards_columns_tablet&quot;:&quot;3&quot;,&quot;cards_row_gap&quot;:{&quot;unit&quot;:&quot;px&quot;,&quot;size&quot;:10,&quot;sizes&quot;:[]},&quot;cards_columns&quot;:&quot;3&quot;,&quot;cards_columns_mobile&quot;:&quot;1&quot;,&quot;cards_row_gap_tablet&quot;:{&quot;unit&quot;:&quot;px&quot;,&quot;size&quot;:&quot;&quot;,&quot;sizes&quot;:[]},&quot;cards_row_gap_mobile&quot;:{&quot;unit&quot;:&quot;px&quot;,&quot;size&quot;:&quot;&quot;,&quot;sizes&quot;:[]}}\" data-widget_type=\"posts.cards\">\n\t\t\t\t<div class=\"elementor-widget-container\">\n\t\t\t\t\t\t\t<div class=\"elementor-posts-container elementor-posts elementor-posts--skin-cards elementor-grid\" role=\"list\">\n\t\t\t\t<article class=\"elementor-post elementor-grid-item post-18690 post type-post status-publish format-standard has-post-thumbnail hentry category-storie\" role=\"listitem\">\n\t\t\t<div class=\"elementor-post__card\">\n\t\t\t\t<a class=\"elementor-post__thumbnail__link\" href=\"https:\/\/visitsandonatovaldicomino.it\/fr\/histoires\/le-rocher-des-allemands-quand-lhistoire-marque-la-montagne-de-son-empreinte\/\" tabindex=\"-1\" ><div class=\"elementor-post__thumbnail\"><img decoding=\"async\" width=\"600\" height=\"450\" src=\"https:\/\/visitsandonatovaldicomino.it\/wp-content\/uploads\/2025\/05\/502140470_1104666028363139_405866201126450570_n-medium.jpg\" class=\"attachment-medium size-medium wp-image-18692\" alt=\"\" srcset=\"https:\/\/visitsandonatovaldicomino.it\/wp-content\/uploads\/2025\/05\/502140470_1104666028363139_405866201126450570_n-600x450.jpg 600w, https:\/\/visitsandonatovaldicomino.it\/wp-content\/uploads\/2025\/05\/502140470_1104666028363139_405866201126450570_n-large.jpg 1024w, https:\/\/visitsandonatovaldicomino.it\/wp-content\/uploads\/2025\/05\/502140470_1104666028363139_405866201126450570_n-768x576.jpg 768w, https:\/\/visitsandonatovaldicomino.it\/wp-content\/uploads\/2025\/05\/502140470_1104666028363139_405866201126450570_n-1536x1152.jpg 1536w, https:\/\/visitsandonatovaldicomino.it\/wp-content\/uploads\/2025\/05\/502140470_1104666028363139_405866201126450570_n-16x12.jpg 16w, https:\/\/visitsandonatovaldicomino.it\/wp-content\/uploads\/2025\/05\/502140470_1104666028363139_405866201126450570_n.jpg 2048w\" sizes=\"(max-width: 600px) 100vw, 600px\" \/><\/div><\/a>\n\t\t\t\t<div class=\"elementor-post__badge\">Storie<\/div>\n\t\t\t\t<div class=\"elementor-post__text\">\n\t\t\t\t<div class=\"elementor-post__title\">\n\t\t\t<a href=\"https:\/\/visitsandonatovaldicomino.it\/fr\/histoires\/le-rocher-des-allemands-quand-lhistoire-marque-la-montagne-de-son-empreinte\/\" >\n\t\t\t\tLa Roccia dei Tedeschi: Quando la storia lascia il segno sulla montagna\t\t\t<\/a>\n\t\t<\/div>\n\t\t\n\t\t<a class=\"elementor-post__read-more\" href=\"https:\/\/visitsandonatovaldicomino.it\/fr\/histoires\/le-rocher-des-allemands-quand-lhistoire-marque-la-montagne-de-son-empreinte\/\" aria-label=\"En savoir plus sur La Roccia dei Tedeschi: Quando la storia lascia il segno sulla montagna\" tabindex=\"-1\" >\n\t\t\tScopri\t\t<\/a>\n\n\t\t\t\t<\/div>\n\t\t\t\t\t<\/div>\n\t\t<\/article>\n\t\t\t\t<article class=\"elementor-post elementor-grid-item post-3350 post type-post status-publish format-standard has-post-thumbnail hentry category-storie\" role=\"listitem\">\n\t\t\t<div class=\"elementor-post__card\">\n\t\t\t\t<a class=\"elementor-post__thumbnail__link\" href=\"https:\/\/visitsandonatovaldicomino.it\/fr\/histoires\/oswald-adler-trude-glaser\/\" tabindex=\"-1\" ><div class=\"elementor-post__thumbnail\"><img loading=\"lazy\" decoding=\"async\" width=\"600\" height=\"338\" src=\"https:\/\/visitsandonatovaldicomino.it\/wp-content\/uploads\/2024\/03\/ADLER001-medium.jpeg\" class=\"attachment-medium size-medium wp-image-3455\" alt=\"\" srcset=\"https:\/\/visitsandonatovaldicomino.it\/wp-content\/uploads\/2024\/03\/ADLER001-600x338.jpeg 600w, https:\/\/visitsandonatovaldicomino.it\/wp-content\/uploads\/2024\/03\/ADLER001-large.jpeg 1024w, https:\/\/visitsandonatovaldicomino.it\/wp-content\/uploads\/2024\/03\/ADLER001-768x432.jpeg 768w, https:\/\/visitsandonatovaldicomino.it\/wp-content\/uploads\/2024\/03\/ADLER001-1536x864.jpeg 1536w, https:\/\/visitsandonatovaldicomino.it\/wp-content\/uploads\/2024\/03\/ADLER001-18x10.jpeg 18w, https:\/\/visitsandonatovaldicomino.it\/wp-content\/uploads\/2024\/03\/ADLER001.jpeg 1920w\" sizes=\"(max-width: 600px) 100vw, 600px\" \/><\/div><\/a>\n\t\t\t\t<div class=\"elementor-post__badge\">Storie<\/div>\n\t\t\t\t<div class=\"elementor-post__text\">\n\t\t\t\t<div class=\"elementor-post__title\">\n\t\t\t<a href=\"https:\/\/visitsandonatovaldicomino.it\/fr\/histoires\/oswald-adler-trude-glaser\/\" >\n\t\t\t\tLa Storia di Oswald Adler e Trude Glaser\t\t\t<\/a>\n\t\t<\/div>\n\t\t\n\t\t<a class=\"elementor-post__read-more\" href=\"https:\/\/visitsandonatovaldicomino.it\/fr\/histoires\/oswald-adler-trude-glaser\/\" aria-label=\"En savoir plus sur La Storia di Oswald Adler e Trude Glaser\" tabindex=\"-1\" >\n\t\t\tScopri\t\t<\/a>\n\n\t\t\t\t<\/div>\n\t\t\t\t\t<\/div>\n\t\t<\/article>\n\t\t\t\t<article class=\"elementor-post elementor-grid-item post-578 post type-post status-publish format-standard has-post-thumbnail hentry category-storie\" role=\"listitem\">\n\t\t\t<div class=\"elementor-post__card\">\n\t\t\t\t<a class=\"elementor-post__thumbnail__link\" href=\"https:\/\/visitsandonatovaldicomino.it\/fr\/histoires\/histoiredivincenzopiselli\/\" tabindex=\"-1\" ><div class=\"elementor-post__thumbnail\"><img loading=\"lazy\" decoding=\"async\" width=\"600\" height=\"401\" src=\"https:\/\/visitsandonatovaldicomino.it\/wp-content\/uploads\/2023\/10\/Dachau-scaled-medium.jpeg\" class=\"attachment-medium size-medium wp-image-3323\" alt=\"\" srcset=\"https:\/\/visitsandonatovaldicomino.it\/wp-content\/uploads\/2023\/10\/Dachau-scaled-600x401.jpeg 600w, https:\/\/visitsandonatovaldicomino.it\/wp-content\/uploads\/2023\/10\/Dachau-scaled-large.jpeg 1024w, https:\/\/visitsandonatovaldicomino.it\/wp-content\/uploads\/2023\/10\/Dachau-scaled-768x513.jpeg 768w, https:\/\/visitsandonatovaldicomino.it\/wp-content\/uploads\/2023\/10\/Dachau-scaled-1536x1025.jpeg 1536w, https:\/\/visitsandonatovaldicomino.it\/wp-content\/uploads\/2023\/10\/Dachau-scaled-2048x1367.jpeg 2048w, https:\/\/visitsandonatovaldicomino.it\/wp-content\/uploads\/2023\/10\/Dachau-scaled-18x12.jpeg 18w\" sizes=\"(max-width: 600px) 100vw, 600px\" \/><\/div><\/a>\n\t\t\t\t<div class=\"elementor-post__badge\">Storie<\/div>\n\t\t\t\t<div class=\"elementor-post__text\">\n\t\t\t\t<div class=\"elementor-post__title\">\n\t\t\t<a href=\"https:\/\/visitsandonatovaldicomino.it\/fr\/histoires\/histoiredivincenzopiselli\/\" >\n\t\t\t\tLa storia di Vincenzo Piselli: Un eroe di San Donato Val di Comino\t\t\t<\/a>\n\t\t<\/div>\n\t\t\n\t\t<a class=\"elementor-post__read-more\" href=\"https:\/\/visitsandonatovaldicomino.it\/fr\/histoires\/histoiredivincenzopiselli\/\" aria-label=\"En savoir plus sur La storia di Vincenzo Piselli: Un eroe di San Donato Val di Comino\" tabindex=\"-1\" >\n\t\t\tScopri\t\t<\/a>\n\n\t\t\t\t<\/div>\n\t\t\t\t\t<\/div>\n\t\t<\/article>\n\t\t\t\t<\/div>\n\t\t\n\t\t\t\t\t\t<\/div>\n\t\t\t\t<\/div>\n\t\t\t\t<\/div>\n\t\t\t\t\t<\/div>\n\t\t\t\t<\/div>\n\t\t\t\t<\/div>\n\t\t","protected":false},"excerpt":{"rendered":"<p>San Donato Val di Comino non \u00e8 solo borghi incantati e natura rigogliosa; \u00e8 anche un luogo dove ogni pietra, ogni anfratto montano, custodisce frammenti di una storia che non vuole essere dimenticata. Oggi vi portiamo a scoprire una delle pagine pi\u00f9 intense e toccanti del nostro passato, legata a<\/p>","protected":false},"author":1,"featured_media":18692,"comment_status":"closed","ping_status":"closed","sticky":false,"template":"","format":"standard","meta":{"footnotes":""},"class_list":["post-18690","post","type-post","status-publish","format-standard","has-post-thumbnail","hentry","category-storie"],"image_feature":"https:\/\/visitsandonatovaldicomino.it\/wp-content\/uploads\/2025\/05\/502140470_1104666028363139_405866201126450570_n.jpg","author_name":"Alessio Pellegrini","yoast_head":"<!-- This site is optimized with the Yoast SEO Premium plugin v27.4 (Yoast SEO v27.4) - https:\/\/yoast.com\/product\/yoast-seo-premium-wordpress\/ -->\n<title>La Roccia dei Tedeschi: Quando la storia lascia il segno sulla montagna | Visit San Donato Val di Comino<\/title>\n<meta name=\"description\" content=\"San Donato Val di Comino non \u00e8 solo borghi incantati e natura rigogliosa; \u00e8 anche un luogo dove ogni pietra, ogni anfratto montano, custodisce frammenti\" \/>\n<meta name=\"robots\" content=\"index, follow, max-snippet:-1, max-image-preview:large, max-video-preview:-1\" \/>\n<link rel=\"canonical\" href=\"https:\/\/visitsandonatovaldicomino.it\/fr\/histoires\/le-rocher-des-allemands-quand-lhistoire-marque-la-montagne-de-son-empreinte\/\" \/>\n<meta property=\"og:locale\" content=\"fr_FR\" \/>\n<meta property=\"og:type\" content=\"article\" \/>\n<meta property=\"og:title\" content=\"La Roccia dei Tedeschi: Quando la storia lascia il segno sulla montagna | Visit San Donato Val di Comino\" \/>\n<meta property=\"og:description\" content=\"San Donato Val di Comino non \u00e8 solo borghi incantati e natura rigogliosa; \u00e8 anche un luogo dove ogni pietra, ogni anfratto montano, custodisce frammenti\" \/>\n<meta property=\"og:url\" content=\"https:\/\/visitsandonatovaldicomino.it\/fr\/histoires\/le-rocher-des-allemands-quand-lhistoire-marque-la-montagne-de-son-empreinte\/\" \/>\n<meta property=\"og:site_name\" content=\"Visit San Donato Val di Comino\" \/>\n<meta property=\"article:publisher\" content=\"https:\/\/www.facebook.com\/VisitSanDonatoValdiComino\" \/>\n<meta property=\"article:published_time\" content=\"2025-05-28T06:52:32+00:00\" \/>\n<meta property=\"article:modified_time\" content=\"2025-06-01T06:57:22+00:00\" \/>\n<meta property=\"og:image\" content=\"https:\/\/visitsandonatovaldicomino.it\/wp-content\/uploads\/2025\/05\/502140470_1104666028363139_405866201126450570_n.jpg\" \/>\n\t<meta property=\"og:image:width\" content=\"2048\" \/>\n\t<meta property=\"og:image:height\" content=\"1536\" \/>\n\t<meta property=\"og:image:type\" content=\"image\/jpeg\" \/>\n<meta name=\"author\" content=\"Alessio Pellegrini\" \/>\n<meta name=\"twitter:card\" content=\"summary_large_image\" \/>\n<meta name=\"twitter:description\" content=\"San Donato Val di Comino non \u00e8 solo borghi incantati e natura rigogliosa; \u00e8 anche un luogo dove ogni pietra, ogni anfratto montano, custodisce frammenti\" \/>\n<!-- \/ Yoast SEO Premium plugin. -->","yoast_head_json":{"title":"La Roccia dei Tedeschi : Quand l'histoire marque la montagne | Visit San Donato Val di Comino","description":"San Donato Val di Comino, ce n'est pas seulement des villages enchant\u00e9s et une nature luxuriante, c'est aussi un lieu o\u00f9 chaque pierre, chaque ravin de montagne, renferme des fragments...","robots":{"index":"index","follow":"follow","max-snippet":"max-snippet:-1","max-image-preview":"max-image-preview:large","max-video-preview":"max-video-preview:-1"},"canonical":"https:\/\/visitsandonatovaldicomino.it\/fr\/histoires\/le-rocher-des-allemands-quand-lhistoire-marque-la-montagne-de-son-empreinte\/","og_locale":"fr_FR","og_type":"article","og_title":"La Roccia dei Tedeschi: Quando la storia lascia il segno sulla montagna | Visit San Donato Val di Comino","og_description":"San Donato Val di Comino non \u00e8 solo borghi incantati e natura rigogliosa; \u00e8 anche un luogo dove ogni pietra, ogni anfratto montano, custodisce frammenti","og_url":"https:\/\/visitsandonatovaldicomino.it\/fr\/histoires\/le-rocher-des-allemands-quand-lhistoire-marque-la-montagne-de-son-empreinte\/","og_site_name":"Visit San Donato Val di Comino","article_publisher":"https:\/\/www.facebook.com\/VisitSanDonatoValdiComino","article_published_time":"2025-05-28T06:52:32+00:00","article_modified_time":"2025-06-01T06:57:22+00:00","og_image":[{"width":2048,"height":1536,"url":"https:\/\/visitsandonatovaldicomino.it\/wp-content\/uploads\/2025\/05\/502140470_1104666028363139_405866201126450570_n.jpg","type":"image\/jpeg"}],"author":"Alessio Pellegrini","twitter_card":"summary_large_image","twitter_description":"San Donato Val di Comino non \u00e8 solo borghi incantati e natura rigogliosa; \u00e8 anche un luogo dove ogni pietra, ogni anfratto montano, custodisce frammenti","schema":{"@context":"https:\/\/schema.org","@graph":[{"@type":"Article","@id":"https:\/\/visitsandonatovaldicomino.it\/storie\/la-roccia-dei-tedeschi-quando-la-storia-lascia-il-segno-sulla-montagna\/#article","isPartOf":{"@id":"https:\/\/visitsandonatovaldicomino.it\/storie\/la-roccia-dei-tedeschi-quando-la-storia-lascia-il-segno-sulla-montagna\/"},"author":{"name":"Alessio Pellegrini","@id":"https:\/\/visitsandonatovaldicomino.it\/#\/schema\/person\/292ea283bf38f01beaccfb63c26f9aa4"},"headline":"La Roccia dei Tedeschi: Quando la storia lascia il segno sulla montagna","datePublished":"2025-05-28T06:52:32+00:00","dateModified":"2025-06-01T06:57:22+00:00","mainEntityOfPage":{"@id":"https:\/\/visitsandonatovaldicomino.it\/storie\/la-roccia-dei-tedeschi-quando-la-storia-lascia-il-segno-sulla-montagna\/"},"wordCount":556,"publisher":{"@id":"https:\/\/visitsandonatovaldicomino.it\/#organization"},"image":{"@id":"https:\/\/visitsandonatovaldicomino.it\/storie\/la-roccia-dei-tedeschi-quando-la-storia-lascia-il-segno-sulla-montagna\/#primaryimage"},"thumbnailUrl":"https:\/\/visitsandonatovaldicomino.it\/wp-content\/uploads\/2025\/05\/502140470_1104666028363139_405866201126450570_n.jpg","articleSection":["Storie"],"inLanguage":"fr-FR"},{"@type":"WebPage","@id":"https:\/\/visitsandonatovaldicomino.it\/storie\/la-roccia-dei-tedeschi-quando-la-storia-lascia-il-segno-sulla-montagna\/","url":"https:\/\/visitsandonatovaldicomino.it\/storie\/la-roccia-dei-tedeschi-quando-la-storia-lascia-il-segno-sulla-montagna\/","name":"La Roccia dei Tedeschi : Quand l'histoire marque la montagne | Visit San Donato Val di Comino","isPartOf":{"@id":"https:\/\/visitsandonatovaldicomino.it\/#website"},"primaryImageOfPage":{"@id":"https:\/\/visitsandonatovaldicomino.it\/storie\/la-roccia-dei-tedeschi-quando-la-storia-lascia-il-segno-sulla-montagna\/#primaryimage"},"image":{"@id":"https:\/\/visitsandonatovaldicomino.it\/storie\/la-roccia-dei-tedeschi-quando-la-storia-lascia-il-segno-sulla-montagna\/#primaryimage"},"thumbnailUrl":"https:\/\/visitsandonatovaldicomino.it\/wp-content\/uploads\/2025\/05\/502140470_1104666028363139_405866201126450570_n.jpg","datePublished":"2025-05-28T06:52:32+00:00","dateModified":"2025-06-01T06:57:22+00:00","description":"San Donato Val di Comino, ce n'est pas seulement des villages enchant\u00e9s et une nature luxuriante, c'est aussi un lieu o\u00f9 chaque pierre, chaque ravin de montagne, renferme des fragments...","breadcrumb":{"@id":"https:\/\/visitsandonatovaldicomino.it\/storie\/la-roccia-dei-tedeschi-quando-la-storia-lascia-il-segno-sulla-montagna\/#breadcrumb"},"inLanguage":"fr-FR","potentialAction":[{"@type":"ReadAction","target":["https:\/\/visitsandonatovaldicomino.it\/storie\/la-roccia-dei-tedeschi-quando-la-storia-lascia-il-segno-sulla-montagna\/"]}]},{"@type":"ImageObject","inLanguage":"fr-FR","@id":"https:\/\/visitsandonatovaldicomino.it\/storie\/la-roccia-dei-tedeschi-quando-la-storia-lascia-il-segno-sulla-montagna\/#primaryimage","url":"https:\/\/visitsandonatovaldicomino.it\/wp-content\/uploads\/2025\/05\/502140470_1104666028363139_405866201126450570_n.jpg","contentUrl":"https:\/\/visitsandonatovaldicomino.it\/wp-content\/uploads\/2025\/05\/502140470_1104666028363139_405866201126450570_n.jpg","width":2048,"height":1536},{"@type":"BreadcrumbList","@id":"https:\/\/visitsandonatovaldicomino.it\/storie\/la-roccia-dei-tedeschi-quando-la-storia-lascia-il-segno-sulla-montagna\/#breadcrumb","itemListElement":[{"@type":"ListItem","position":1,"name":"Home","item":"https:\/\/visitsandonatovaldicomino.it\/"},{"@type":"ListItem","position":2,"name":"Storie","item":"https:\/\/visitsandonatovaldicomino.it\/categorie\/storie\/"},{"@type":"ListItem","position":3,"name":"La Roccia dei Tedeschi: Quando la storia lascia il segno sulla montagna"}]},{"@type":"WebSite","@id":"https:\/\/visitsandonatovaldicomino.it\/#website","url":"https:\/\/visitsandonatovaldicomino.it\/","name":"Visit San Donato Val di Comino","description":"","publisher":{"@id":"https:\/\/visitsandonatovaldicomino.it\/#organization"},"alternateName":"Visit San Donato","potentialAction":[{"@type":"SearchAction","target":{"@type":"EntryPoint","urlTemplate":"https:\/\/visitsandonatovaldicomino.it\/?s={search_term_string}"},"query-input":{"@type":"PropertyValueSpecification","valueRequired":true,"valueName":"search_term_string"}}],"inLanguage":"fr-FR"},{"@type":"Organization","@id":"https:\/\/visitsandonatovaldicomino.it\/#organization","name":"Visit San Donato Val di Comino","alternateName":"Visit San Donato","url":"https:\/\/visitsandonatovaldicomino.it\/","logo":{"@type":"ImageObject","inLanguage":"fr-FR","@id":"https:\/\/visitsandonatovaldicomino.it\/#\/schema\/logo\/image\/","url":"https:\/\/visitsandonatovaldicomino.it\/wp-content\/uploads\/2023\/10\/Visit-San-Donato-Val-di-Comino-Logo-White.png","contentUrl":"https:\/\/visitsandonatovaldicomino.it\/wp-content\/uploads\/2023\/10\/Visit-San-Donato-Val-di-Comino-Logo-White.png","width":1920,"height":1061,"caption":"Visit San Donato Val di Comino"},"image":{"@id":"https:\/\/visitsandonatovaldicomino.it\/#\/schema\/logo\/image\/"},"sameAs":["https:\/\/www.facebook.com\/VisitSanDonatoValdiComino","https:\/\/www.instagram.com\/visit_sandonatovaldicomino"],"email":"info@visitsandonatovaldicomino.it","legalName":"Visit San Donato Val di Comino","foundingDate":"2024-05-01","numberOfEmployees":{"@type":"QuantitativeValue","minValue":"1","maxValue":"10"}},{"@type":"Person","@id":"https:\/\/visitsandonatovaldicomino.it\/#\/schema\/person\/292ea283bf38f01beaccfb63c26f9aa4","name":"Alessio Pellegrini","image":{"@type":"ImageObject","inLanguage":"fr-FR","@id":"https:\/\/visitsandonatovaldicomino.it\/wp-content\/uploads\/nsl_avatars\/3dae965d3feee271651276350dda8984-100x100.jpg","url":"https:\/\/visitsandonatovaldicomino.it\/wp-content\/uploads\/nsl_avatars\/3dae965d3feee271651276350dda8984-100x100.jpg","contentUrl":"https:\/\/visitsandonatovaldicomino.it\/wp-content\/uploads\/nsl_avatars\/3dae965d3feee271651276350dda8984-100x100.jpg","caption":"Alessio Pellegrini"},"sameAs":["https:\/\/visitsandonatovaldicomino.it"]}]}},"pure_taxonomies":{"categories":[{"term_id":110,"name":"Storie","slug":"storie","term_group":0,"term_taxonomy_id":110,"taxonomy":"category","description":"","parent":0,"count":7,"filter":"raw","cat_ID":110,"category_count":7,"category_description":"","cat_name":"Storie","category_nicename":"storie","category_parent":0}]},"_links":{"self":[{"href":"https:\/\/visitsandonatovaldicomino.it\/fr\/wp-json\/wp\/v2\/posts\/18690","targetHints":{"allow":["GET"]}}],"collection":[{"href":"https:\/\/visitsandonatovaldicomino.it\/fr\/wp-json\/wp\/v2\/posts"}],"about":[{"href":"https:\/\/visitsandonatovaldicomino.it\/fr\/wp-json\/wp\/v2\/types\/post"}],"author":[{"embeddable":true,"href":"https:\/\/visitsandonatovaldicomino.it\/fr\/wp-json\/wp\/v2\/users\/1"}],"replies":[{"embeddable":true,"href":"https:\/\/visitsandonatovaldicomino.it\/fr\/wp-json\/wp\/v2\/comments?post=18690"}],"version-history":[{"count":9,"href":"https:\/\/visitsandonatovaldicomino.it\/fr\/wp-json\/wp\/v2\/posts\/18690\/revisions"}],"predecessor-version":[{"id":18700,"href":"https:\/\/visitsandonatovaldicomino.it\/fr\/wp-json\/wp\/v2\/posts\/18690\/revisions\/18700"}],"wp:featuredmedia":[{"embeddable":true,"href":"https:\/\/visitsandonatovaldicomino.it\/fr\/wp-json\/wp\/v2\/media\/18692"}],"wp:attachment":[{"href":"https:\/\/visitsandonatovaldicomino.it\/fr\/wp-json\/wp\/v2\/media?parent=18690"}],"curies":[{"name":"wp","href":"https:\/\/api.w.org\/{rel}","templated":true}]}}